{"id":1224,"date":"2020-02-06T03:59:15","date_gmt":"2020-02-06T03:59:15","guid":{"rendered":"https:\/\/linsa.com.mx\/?p=1224"},"modified":"2020-02-06T03:59:15","modified_gmt":"2020-02-06T03:59:15","slug":"el-valor-y-la-propiedad-de-la-marca","status":"publish","type":"post","link":"https:\/\/linsa.com.mx\/en\/el-valor-y-la-propiedad-de-la-marca\/","title":{"rendered":"El valor y la Propiedad de la Marca"},"content":{"rendered":"<div data-elementor-type=\"wp-post\" data-elementor-id=\"1224\" class=\"elementor elementor-1224\">\n\t\t\t\t\t\t<section class=\"elementor-section elementor-top-section elementor-element elementor-element-ba5fbd3 elementor-section-boxed elementor-section-height-default elementor-section-height-default\" data-id=\"ba5fbd3\" data-element_type=\"section\" data-e-type=\"section\">\n\t\t\t\t\t\t<div class=\"elementor-container elementor-column-gap-default\">\n\t\t\t\t\t<div class=\"elementor-column elementor-col-100 elementor-top-column elementor-element elementor-element-1b57606\" data-id=\"1b57606\" data-element_type=\"column\" data-e-type=\"column\">\n\t\t\t<div class=\"elementor-widget-wrap elementor-element-populated\">\n\t\t\t\t\t\t<div class=\"elementor-element elementor-element-b8193a3 elementor-widget elementor-widget-text-editor\" data-id=\"b8193a3\" data-element_type=\"widget\" data-e-type=\"widget\" data-widget_type=\"text-editor.default\">\n\t\t\t\t<div class=\"elementor-widget-container\">\n\t\t\t\t\t\t\t\t\t<p>Si bien es cierto que, el valor patrimonial de una empresa se mide conforme a sus bienes tangibles, es importante reiterar que el valor de la propiedad industrial tambi\u00e9n forma parte importante de esta, la cual tiene un valor medible y cuantificable, ya que se trata de un Derecho Real en particular de un patrimonio corporativo. Sin embargo, en ocasiones la marca vale mas por si misma que por la propia empresa.<\/p><p>Como antecedente, nuestra marca ha sumado valor real cuantificable desde; la percepci\u00f3n en el mercado, el alcance de su calidad marcaria y la lealtad de nuestros consumidores o clientes. Diversos autores se\u00f1alan que la marca es el alma del producto, en nuestro caso, la marca es cada vez m\u00e1s valiosa y poderosa lo que ha ayudado a impulsa el crecimiento directo del corporativo, se ha convertido en un factor angular de su riqueza y patrimonio.<\/p><p>El valor de la marca o brand equity, es la lealtad de nuestros consumidores o clientes; esto es lo que nos ha permitido mantenernos durante tantos a\u00f1os. En t\u00e9rminos generales, un mal o buen manejo de nuestra marca, nos puede llevar a tener un detrimento o un crecimiento en el patrimonio real del corporativo, por lo que resulta de vital importancia mantener la calidad, competencia, imagen y el sentimiento que produce al momento de consumir un servicio de limpieza, ese sentimiento es intangible y dif\u00edcil de medir.<\/p><p>Actualmente, hablar de las marcas es hablar de un banco de poder, ahora las empresas valen m\u00e1s por su reconocimiento social, no tanto por su calidad o posibilidad de distribuci\u00f3n; las redes mercantiles son ahora virtuales, lo cual, genera una mayor competencia e inestabilidad, por ello reiterar que el mantenimiento de la marca LINSA durante tantos a\u00f1os ha sido un trabajo en conjunto que ha sumado al valor patrimonial de la nuestra empresa.<\/p>\t\t\t\t\t\t\t\t<\/div>\n\t\t\t\t<\/div>\n\t\t\t\t<div class=\"elementor-element elementor-element-6310991 elementor-widget elementor-widget-image\" data-id=\"6310991\" data-element_type=\"widget\" data-e-type=\"widget\" data-widget_type=\"image.default\">\n\t\t\t\t<div class=\"elementor-widget-container\">\n\t\t\t\t\t\t\t\t\t\t\t\t\t\t\t<img fetchpriority=\"high\" decoding=\"async\" width=\"473\" height=\"1024\" src=\"https:\/\/linsa.com.mx\/wp-content\/uploads\/2021\/04\/ValorMarca-min-scaled-1-473x1024.jpg\" class=\"attachment-large size-large wp-image-1227\" alt=\"\" srcset=\"https:\/\/linsa.com.mx\/wp-content\/uploads\/2021\/04\/ValorMarca-min-scaled-1-473x1024.jpg 473w, https:\/\/linsa.com.mx\/wp-content\/uploads\/2021\/04\/ValorMarca-min-scaled-1-139x300.jpg 139w, https:\/\/linsa.com.mx\/wp-content\/uploads\/2021\/04\/ValorMarca-min-scaled-1-768x1662.jpg 768w, https:\/\/linsa.com.mx\/wp-content\/uploads\/2021\/04\/ValorMarca-min-scaled-1-710x1536.jpg 710w, https:\/\/linsa.com.mx\/wp-content\/uploads\/2021\/04\/ValorMarca-min-scaled-1-946x2048.jpg 946w, https:\/\/linsa.com.mx\/wp-content\/uploads\/2021\/04\/ValorMarca-min-scaled-1-6x12.jpg 6w, https:\/\/linsa.com.mx\/wp-content\/uploads\/2021\/04\/ValorMarca-min-scaled-1.jpg 1183w\" sizes=\"(max-width: 473px) 100vw, 473px\" \/>\t\t\t\t\t\t\t\t\t\t\t\t\t\t\t<\/div>\n\t\t\t\t<\/div>\n\t\t\t\t\t<\/div>\n\t\t<\/div>\n\t\t\t\t\t<\/div>\n\t\t<\/section>\n\t\t\t\t<\/div>","protected":false},"excerpt":{"rendered":"<p>Si bien es cierto que, el valor patrimonial de una empresa se mide conforme a sus bienes tangibles, es importante [&hellip;]<\/p>\n","protected":false},"author":1,"featured_media":1231,"comment_status":"open","ping_status":"open","sticky":false,"template":"","format":"standard","meta":{"site-sidebar-layout":"default","site-content-layout":"","ast-site-content-layout":"","site-content-style":"default","site-sidebar-style":"default","ast-global-header-display":"","ast-banner-title-visibility":"","ast-main-header-display":"","ast-hfb-above-header-display":"","ast-hfb-below-header-display":"","ast-hfb-mobile-header-display":"","site-post-title":"","ast-breadcrumbs-content":"","ast-featured-img":"","footer-sml-layout":"","theme-transparent-header-meta":"","adv-header-id-meta":"","stick-header-meta":"","header-above-stick-meta":"","header-main-stick-meta":"","header-below-stick-meta":"","astra-migrate-meta-layouts":"default","ast-page-background-enabled":"default","ast-page-background-meta":{"desktop":{"background-color":"var(--ast-global-color-4)","background-image":"","background-repeat":"repeat","background-position":"center center","background-size":"auto","background-attachment":"scroll","background-type":"","background-media":"","overlay-type":"","overlay-color":"","overlay-opacity":"","overlay-gradient":""},"tablet":{"background-color":"","background-image":"","background-repeat":"repeat","background-position":"center center","background-size":"auto","background-attachment":"scroll","background-type":"","background-media":"","overlay-type":"","overlay-color":"","overlay-opacity":"","overlay-gradient":""},"mobile":{"background-color":"","background-image":"","background-repeat":"repeat","background-position":"center center","background-size":"auto","background-attachment":"scroll","background-type":"","background-media":"","overlay-type":"","overlay-color":"","overlay-opacity":"","overlay-gradient":""}},"ast-content-background-meta":{"desktop":{"background-color":"var(--ast-global-color-5)","background-image":"","background-repeat":"repeat","background-position":"center center","background-size":"auto","background-attachment":"scroll","background-type":"","background-media":"","overlay-type":"","overlay-color":"","overlay-opacity":"","overlay-gradient":""},"tablet":{"background-color":"var(--ast-global-color-5)","background-image":"","background-repeat":"repeat","background-position":"center center","background-size":"auto","background-attachment":"scroll","background-type":"","background-media":"","overlay-type":"","overlay-color":"","overlay-opacity":"","overlay-gradient":""},"mobile":{"background-color":"var(--ast-global-color-5)","background-image":"","background-repeat":"repeat","background-position":"center center","background-size":"auto","background-attachment":"scroll","background-type":"","background-media":"","overlay-type":"","overlay-color":"","overlay-opacity":"","overlay-gradient":""}},"footnotes":""},"categories":[28],"tags":[],"class_list":["post-1224","post","type-post","status-publish","format-standard","has-post-thumbnail","hentry","category-articulo"],"yoast_head":"<!-- This site is optimized with the Yoast SEO plugin v26.4 - https:\/\/yoast.com\/wordpress\/plugins\/seo\/ -->\n<title>El valor y la Propiedad de la Marca - Linsa<\/title>\n<meta name=\"robots\" content=\"index, follow, max-snippet:-1, max-image-preview:large, max-video-preview:-1\" \/>\n<link rel=\"canonical\" href=\"https:\/\/linsa.com.mx\/en\/el-valor-y-la-propiedad-de-la-marca\/\" \/>\n<meta property=\"og:locale\" content=\"en_US\" \/>\n<meta property=\"og:type\" content=\"article\" \/>\n<meta property=\"og:title\" content=\"El valor y la Propiedad de la Marca - Linsa\" \/>\n<meta property=\"og:description\" content=\"Si bien es cierto que, el valor patrimonial de una empresa se mide conforme a sus bienes tangibles, es importante [&hellip;]\" \/>\n<meta property=\"og:url\" content=\"https:\/\/linsa.com.mx\/en\/el-valor-y-la-propiedad-de-la-marca\/\" \/>\n<meta property=\"og:site_name\" content=\"Linsa\" \/>\n<meta property=\"article:publisher\" content=\"https:\/\/www.facebook.com\/LinsaMX\/\" \/>\n<meta property=\"article:published_time\" content=\"2020-02-06T03:59:15+00:00\" \/>\n<meta property=\"og:image\" content=\"https:\/\/linsa.com.mx\/wp-content\/uploads\/2021\/04\/Minibanner_Marca-scaled-1.jpg\" \/>\n\t<meta property=\"og:image:width\" content=\"2560\" \/>\n\t<meta property=\"og:image:height\" content=\"1408\" \/>\n\t<meta property=\"og:image:type\" content=\"image\/jpeg\" \/>\n<meta name=\"author\" content=\"admin\" \/>\n<meta name=\"twitter:card\" content=\"summary_large_image\" \/>\n<meta name=\"twitter:creator\" content=\"@LinsaMx\" \/>\n<meta name=\"twitter:site\" content=\"@LinsaMx\" \/>\n<meta name=\"twitter:label1\" content=\"Written by\" \/>\n\t<meta name=\"twitter:data1\" content=\"admin\" \/>\n\t<meta name=\"twitter:label2\" content=\"Est. reading time\" \/>\n\t<meta name=\"twitter:data2\" content=\"2 minutes\" \/>\n<script type=\"application\/ld+json\" class=\"yoast-schema-graph\">{\"@context\":\"https:\/\/schema.org\",\"@graph\":[{\"@type\":\"Article\",\"@id\":\"https:\/\/linsa.com.mx\/en\/el-valor-y-la-propiedad-de-la-marca\/#article\",\"isPartOf\":{\"@id\":\"https:\/\/linsa.com.mx\/en\/el-valor-y-la-propiedad-de-la-marca\/\"},\"author\":{\"name\":\"admin\",\"@id\":\"https:\/\/linsa.com.mx\/#\/schema\/person\/26cabc74b9963f483b86cf73c9e17589\"},\"headline\":\"El valor y la Propiedad de la Marca\",\"datePublished\":\"2020-02-06T03:59:15+00:00\",\"mainEntityOfPage\":{\"@id\":\"https:\/\/linsa.com.mx\/en\/el-valor-y-la-propiedad-de-la-marca\/\"},\"wordCount\":325,\"commentCount\":0,\"publisher\":{\"@id\":\"https:\/\/linsa.com.mx\/#organization\"},\"image\":{\"@id\":\"https:\/\/linsa.com.mx\/en\/el-valor-y-la-propiedad-de-la-marca\/#primaryimage\"},\"thumbnailUrl\":\"https:\/\/linsa.com.mx\/wp-content\/uploads\/2021\/04\/Minibanner_Marca-scaled-1.jpg\",\"articleSection\":[\"Art\u00edculo\"],\"inLanguage\":\"en-US\",\"potentialAction\":[{\"@type\":\"CommentAction\",\"name\":\"Comment\",\"target\":[\"https:\/\/linsa.com.mx\/en\/el-valor-y-la-propiedad-de-la-marca\/#respond\"]}]},{\"@type\":\"WebPage\",\"@id\":\"https:\/\/linsa.com.mx\/en\/el-valor-y-la-propiedad-de-la-marca\/\",\"url\":\"https:\/\/linsa.com.mx\/en\/el-valor-y-la-propiedad-de-la-marca\/\",\"name\":\"El valor y la Propiedad de la Marca - Linsa\",\"isPartOf\":{\"@id\":\"https:\/\/linsa.com.mx\/#website\"},\"primaryImageOfPage\":{\"@id\":\"https:\/\/linsa.com.mx\/en\/el-valor-y-la-propiedad-de-la-marca\/#primaryimage\"},\"image\":{\"@id\":\"https:\/\/linsa.com.mx\/en\/el-valor-y-la-propiedad-de-la-marca\/#primaryimage\"},\"thumbnailUrl\":\"https:\/\/linsa.com.mx\/wp-content\/uploads\/2021\/04\/Minibanner_Marca-scaled-1.jpg\",\"datePublished\":\"2020-02-06T03:59:15+00:00\",\"breadcrumb\":{\"@id\":\"https:\/\/linsa.com.mx\/en\/el-valor-y-la-propiedad-de-la-marca\/#breadcrumb\"},\"inLanguage\":\"en-US\",\"potentialAction\":[{\"@type\":\"ReadAction\",\"target\":[\"https:\/\/linsa.com.mx\/en\/el-valor-y-la-propiedad-de-la-marca\/\"]}]},{\"@type\":\"ImageObject\",\"inLanguage\":\"en-US\",\"@id\":\"https:\/\/linsa.com.mx\/en\/el-valor-y-la-propiedad-de-la-marca\/#primaryimage\",\"url\":\"https:\/\/linsa.com.mx\/wp-content\/uploads\/2021\/04\/Minibanner_Marca-scaled-1.jpg\",\"contentUrl\":\"https:\/\/linsa.com.mx\/wp-content\/uploads\/2021\/04\/Minibanner_Marca-scaled-1.jpg\",\"width\":2560,\"height\":1408},{\"@type\":\"BreadcrumbList\",\"@id\":\"https:\/\/linsa.com.mx\/en\/el-valor-y-la-propiedad-de-la-marca\/#breadcrumb\",\"itemListElement\":[{\"@type\":\"ListItem\",\"position\":1,\"name\":\"Portada\",\"item\":\"https:\/\/linsa.com.mx\/\"},{\"@type\":\"ListItem\",\"position\":2,\"name\":\"El valor y la Propiedad de la Marca\"}]},{\"@type\":\"WebSite\",\"@id\":\"https:\/\/linsa.com.mx\/#website\",\"url\":\"https:\/\/linsa.com.mx\/\",\"name\":\"Linsa\",\"description\":\"Limpieza Industrial y Comercial\",\"publisher\":{\"@id\":\"https:\/\/linsa.com.mx\/#organization\"},\"potentialAction\":[{\"@type\":\"SearchAction\",\"target\":{\"@type\":\"EntryPoint\",\"urlTemplate\":\"https:\/\/linsa.com.mx\/?s={search_term_string}\"},\"query-input\":{\"@type\":\"PropertyValueSpecification\",\"valueRequired\":true,\"valueName\":\"search_term_string\"}}],\"inLanguage\":\"en-US\"},{\"@type\":\"Organization\",\"@id\":\"https:\/\/linsa.com.mx\/#organization\",\"name\":\"Linsa\",\"url\":\"https:\/\/linsa.com.mx\/\",\"logo\":{\"@type\":\"ImageObject\",\"inLanguage\":\"en-US\",\"@id\":\"https:\/\/linsa.com.mx\/#\/schema\/logo\/image\/\",\"url\":\"https:\/\/linsa.com.mx\/wp-content\/uploads\/2024\/08\/Logo-linsa-header.png\",\"contentUrl\":\"https:\/\/linsa.com.mx\/wp-content\/uploads\/2024\/08\/Logo-linsa-header.png\",\"width\":338,\"height\":128,\"caption\":\"Linsa\"},\"image\":{\"@id\":\"https:\/\/linsa.com.mx\/#\/schema\/logo\/image\/\"},\"sameAs\":[\"https:\/\/www.facebook.com\/LinsaMX\/\",\"https:\/\/x.com\/LinsaMx\",\"https:\/\/www.youtube.com\/@linsa1986\",\"https:\/\/www.instagram.com\/linsamx\/\"]},{\"@type\":\"Person\",\"@id\":\"https:\/\/linsa.com.mx\/#\/schema\/person\/26cabc74b9963f483b86cf73c9e17589\",\"name\":\"admin\",\"image\":{\"@type\":\"ImageObject\",\"inLanguage\":\"en-US\",\"@id\":\"https:\/\/linsa.com.mx\/#\/schema\/person\/image\/\",\"url\":\"https:\/\/secure.gravatar.com\/avatar\/44eaf0506e8bd52df4cf636f61a4336324e083f8b4781d9b80cf4b32943441bb?s=96&d=mm&r=g\",\"contentUrl\":\"https:\/\/secure.gravatar.com\/avatar\/44eaf0506e8bd52df4cf636f61a4336324e083f8b4781d9b80cf4b32943441bb?s=96&d=mm&r=g\",\"caption\":\"admin\"},\"sameAs\":[\"https:\/\/leverklin.com\/linsa\"],\"url\":\"https:\/\/linsa.com.mx\/en\/author\/admin\/\"}]}<\/script>\n<!-- \/ Yoast SEO plugin. -->","yoast_head_json":{"title":"El valor y la Propiedad de la Marca - Linsa","robots":{"index":"index","follow":"follow","max-snippet":"max-snippet:-1","max-image-preview":"max-image-preview:large","max-video-preview":"max-video-preview:-1"},"canonical":"https:\/\/linsa.com.mx\/en\/el-valor-y-la-propiedad-de-la-marca\/","og_locale":"en_US","og_type":"article","og_title":"El valor y la Propiedad de la Marca - Linsa","og_description":"Si bien es cierto que, el valor patrimonial de una empresa se mide conforme a sus bienes tangibles, es importante [&hellip;]","og_url":"https:\/\/linsa.com.mx\/en\/el-valor-y-la-propiedad-de-la-marca\/","og_site_name":"Linsa","article_publisher":"https:\/\/www.facebook.com\/LinsaMX\/","article_published_time":"2020-02-06T03:59:15+00:00","og_image":[{"width":2560,"height":1408,"url":"https:\/\/linsa.com.mx\/wp-content\/uploads\/2021\/04\/Minibanner_Marca-scaled-1.jpg","type":"image\/jpeg"}],"author":"admin","twitter_card":"summary_large_image","twitter_creator":"@LinsaMx","twitter_site":"@LinsaMx","twitter_misc":{"Written by":"admin","Est. reading time":"2 minutes"},"schema":{"@context":"https:\/\/schema.org","@graph":[{"@type":"Article","@id":"https:\/\/linsa.com.mx\/en\/el-valor-y-la-propiedad-de-la-marca\/#article","isPartOf":{"@id":"https:\/\/linsa.com.mx\/en\/el-valor-y-la-propiedad-de-la-marca\/"},"author":{"name":"admin","@id":"https:\/\/linsa.com.mx\/#\/schema\/person\/26cabc74b9963f483b86cf73c9e17589"},"headline":"El valor y la Propiedad de la Marca","datePublished":"2020-02-06T03:59:15+00:00","mainEntityOfPage":{"@id":"https:\/\/linsa.com.mx\/en\/el-valor-y-la-propiedad-de-la-marca\/"},"wordCount":325,"commentCount":0,"publisher":{"@id":"https:\/\/linsa.com.mx\/#organization"},"image":{"@id":"https:\/\/linsa.com.mx\/en\/el-valor-y-la-propiedad-de-la-marca\/#primaryimage"},"thumbnailUrl":"https:\/\/linsa.com.mx\/wp-content\/uploads\/2021\/04\/Minibanner_Marca-scaled-1.jpg","articleSection":["Art\u00edculo"],"inLanguage":"en-US","potentialAction":[{"@type":"CommentAction","name":"Comment","target":["https:\/\/linsa.com.mx\/en\/el-valor-y-la-propiedad-de-la-marca\/#respond"]}]},{"@type":"WebPage","@id":"https:\/\/linsa.com.mx\/en\/el-valor-y-la-propiedad-de-la-marca\/","url":"https:\/\/linsa.com.mx\/en\/el-valor-y-la-propiedad-de-la-marca\/","name":"El valor y la Propiedad de la Marca - Linsa","isPartOf":{"@id":"https:\/\/linsa.com.mx\/#website"},"primaryImageOfPage":{"@id":"https:\/\/linsa.com.mx\/en\/el-valor-y-la-propiedad-de-la-marca\/#primaryimage"},"image":{"@id":"https:\/\/linsa.com.mx\/en\/el-valor-y-la-propiedad-de-la-marca\/#primaryimage"},"thumbnailUrl":"https:\/\/linsa.com.mx\/wp-content\/uploads\/2021\/04\/Minibanner_Marca-scaled-1.jpg","datePublished":"2020-02-06T03:59:15+00:00","breadcrumb":{"@id":"https:\/\/linsa.com.mx\/en\/el-valor-y-la-propiedad-de-la-marca\/#breadcrumb"},"inLanguage":"en-US","potentialAction":[{"@type":"ReadAction","target":["https:\/\/linsa.com.mx\/en\/el-valor-y-la-propiedad-de-la-marca\/"]}]},{"@type":"ImageObject","inLanguage":"en-US","@id":"https:\/\/linsa.com.mx\/en\/el-valor-y-la-propiedad-de-la-marca\/#primaryimage","url":"https:\/\/linsa.com.mx\/wp-content\/uploads\/2021\/04\/Minibanner_Marca-scaled-1.jpg","contentUrl":"https:\/\/linsa.com.mx\/wp-content\/uploads\/2021\/04\/Minibanner_Marca-scaled-1.jpg","width":2560,"height":1408},{"@type":"BreadcrumbList","@id":"https:\/\/linsa.com.mx\/en\/el-valor-y-la-propiedad-de-la-marca\/#breadcrumb","itemListElement":[{"@type":"ListItem","position":1,"name":"Portada","item":"https:\/\/linsa.com.mx\/"},{"@type":"ListItem","position":2,"name":"El valor y la Propiedad de la Marca"}]},{"@type":"WebSite","@id":"https:\/\/linsa.com.mx\/#website","url":"https:\/\/linsa.com.mx\/","name":"Linsa","description":"Limpieza Industrial y Comercial","publisher":{"@id":"https:\/\/linsa.com.mx\/#organization"},"potentialAction":[{"@type":"SearchAction","target":{"@type":"EntryPoint","urlTemplate":"https:\/\/linsa.com.mx\/?s={search_term_string}"},"query-input":{"@type":"PropertyValueSpecification","valueRequired":true,"valueName":"search_term_string"}}],"inLanguage":"en-US"},{"@type":"Organization","@id":"https:\/\/linsa.com.mx\/#organization","name":"Linsa","url":"https:\/\/linsa.com.mx\/","logo":{"@type":"ImageObject","inLanguage":"en-US","@id":"https:\/\/linsa.com.mx\/#\/schema\/logo\/image\/","url":"https:\/\/linsa.com.mx\/wp-content\/uploads\/2024\/08\/Logo-linsa-header.png","contentUrl":"https:\/\/linsa.com.mx\/wp-content\/uploads\/2024\/08\/Logo-linsa-header.png","width":338,"height":128,"caption":"Linsa"},"image":{"@id":"https:\/\/linsa.com.mx\/#\/schema\/logo\/image\/"},"sameAs":["https:\/\/www.facebook.com\/LinsaMX\/","https:\/\/x.com\/LinsaMx","https:\/\/www.youtube.com\/@linsa1986","https:\/\/www.instagram.com\/linsamx\/"]},{"@type":"Person","@id":"https:\/\/linsa.com.mx\/#\/schema\/person\/26cabc74b9963f483b86cf73c9e17589","name":"admin","image":{"@type":"ImageObject","inLanguage":"en-US","@id":"https:\/\/linsa.com.mx\/#\/schema\/person\/image\/","url":"https:\/\/secure.gravatar.com\/avatar\/44eaf0506e8bd52df4cf636f61a4336324e083f8b4781d9b80cf4b32943441bb?s=96&d=mm&r=g","contentUrl":"https:\/\/secure.gravatar.com\/avatar\/44eaf0506e8bd52df4cf636f61a4336324e083f8b4781d9b80cf4b32943441bb?s=96&d=mm&r=g","caption":"admin"},"sameAs":["https:\/\/leverklin.com\/linsa"],"url":"https:\/\/linsa.com.mx\/en\/author\/admin\/"}]}},"_links":{"self":[{"href":"https:\/\/linsa.com.mx\/en\/wp-json\/wp\/v2\/posts\/1224","targetHints":{"allow":["GET"]}}],"collection":[{"href":"https:\/\/linsa.com.mx\/en\/wp-json\/wp\/v2\/posts"}],"about":[{"href":"https:\/\/linsa.com.mx\/en\/wp-json\/wp\/v2\/types\/post"}],"author":[{"embeddable":true,"href":"https:\/\/linsa.com.mx\/en\/wp-json\/wp\/v2\/users\/1"}],"replies":[{"embeddable":true,"href":"https:\/\/linsa.com.mx\/en\/wp-json\/wp\/v2\/comments?post=1224"}],"version-history":[{"count":0,"href":"https:\/\/linsa.com.mx\/en\/wp-json\/wp\/v2\/posts\/1224\/revisions"}],"wp:featuredmedia":[{"embeddable":true,"href":"https:\/\/linsa.com.mx\/en\/wp-json\/wp\/v2\/media\/1231"}],"wp:attachment":[{"href":"https:\/\/linsa.com.mx\/en\/wp-json\/wp\/v2\/media?parent=1224"}],"wp:term":[{"taxonomy":"category","embeddable":true,"href":"https:\/\/linsa.com.mx\/en\/wp-json\/wp\/v2\/categories?post=1224"},{"taxonomy":"post_tag","embeddable":true,"href":"https:\/\/linsa.com.mx\/en\/wp-json\/wp\/v2\/tags?post=1224"}],"curies":[{"name":"wp","href":"https:\/\/api.w.org\/{rel}","templated":true}]}}